{"id":426,"date":"2018-05-09T23:06:47","date_gmt":"2018-05-09T20:06:47","guid":{"rendered":"http:\/\/www.caferabbasoglu.com\/?p=426"},"modified":"2018-05-14T18:50:04","modified_gmt":"2018-05-14T15:50:04","slug":"lenfodem-fil-hastaligi-nedir","status":"publish","type":"post","link":"https:\/\/www.caferabbasoglu.com\/en\/2018\/05\/lenfodem-fil-hastaligi-nedir\/","title":{"rendered":"LENF\u00d6DEM (F\u0130L HASTALI\u011eI ) NED\u0130R?"},"content":{"rendered":"<p><img decoding=\"async\" class=\"alignright size-full wp-image-424 lazyload\" data-src=\"http:\/\/www.caferabbasoglu.com\/wp-content\/uploads\/2018\/05\/lenfodemli-hasta.jpg\" alt=\"\" width=\"300\" height=\"277\" data-srcset=\"https:\/\/www.caferabbasoglu.com\/wp-content\/uploads\/2018\/05\/lenfodemli-hasta.jpg 328w, https:\/\/www.caferabbasoglu.com\/wp-content\/uploads\/2018\/05\/lenfodemli-hasta-300x277.jpg 300w\" data-sizes=\"(max-width: 300px) 100vw, 300px\" src=\"data:image\/gif;base64,R0lGODlhAQABAAAAACH5BAEKAAEALAAAAAABAAEAAAICTAEAOw==\" style=\"--smush-placeholder-width: 300px; --smush-placeholder-aspect-ratio: 300\/277;\" \/>Lenf s\u0131v\u0131s\u0131n\u0131n anormal \u015fekilde toplanmas\u0131 ile bir v\u00fccut par\u00e7as\u0131n\u0131n \u015fi\u015fmesidir. Bu durum y\u00fczde, boyunda, kar\u0131nda veya akci\u011ferde g\u00f6r\u00fclebilir. Kronik ve ilerleyen bir durum olmas\u0131na ra\u011fmen, iyi bak\u0131m ile ve baz\u0131 temel kurallara dikkat edilerek genellikle kontrol alt\u0131na al\u0131nabilir. Lenf\u00f6dem normal ve aktif bir ya\u015fam tarz\u0131yla da ayn\u0131 anda ilerleyebilir.<\/p>\n<p>Lenf\u00f6dem \u00e7o\u011fu zaman a\u011f\u0131rl\u0131k hissine, kozmetik deformasyona, tekrarlayan enfeksiyon olaylar\u0131na (sel\u00fclit, lenfanjit) ve seyrek olarak da k\u00f6t\u00fc huylu dejenerasyona sebep olabilir.<\/p>\n<p><img decoding=\"async\" class=\"aligncenter size-full wp-image-425 lazyload\" data-src=\"http:\/\/www.caferabbasoglu.com\/wp-content\/uploads\/2018\/05\/lenf-yukumlusu.jpg\" alt=\"\" width=\"652\" height=\"354\" data-srcset=\"https:\/\/www.caferabbasoglu.com\/wp-content\/uploads\/2018\/05\/lenf-yukumlusu.jpg 652w, https:\/\/www.caferabbasoglu.com\/wp-content\/uploads\/2018\/05\/lenf-yukumlusu-300x163.jpg 300w\" data-sizes=\"(max-width: 652px) 100vw, 652px\" src=\"data:image\/gif;base64,R0lGODlhAQABAAAAACH5BAEKAAEALAAAAAABAAEAAAICTAEAOw==\" style=\"--smush-placeholder-width: 652px; --smush-placeholder-aspect-ratio: 652\/354;\" \/><\/p>\n<p>Lenf dendi\u011finde ilk akla gelen lenf bo\u011fumlar\u0131 olmaktad\u0131r. Yayg\u0131n bilinen bir ba\u015fka husus ise bunlar\u0131n bo\u011faz veya kas\u0131kta olu\u015fup iltihap durumunda \u015fi\u015ftikleridir. T\u00fcm bedenimizde bulunan y\u00fczlerce lenf bo\u011fumu b\u00fct\u00fcn bir lenf damar sisteminin par\u00e7as\u0131d\u0131r. Lenf\u00f6dem gereken \u00f6nlem al\u0131nmay\u0131p tedavisi ihmal edildi\u011finde ya\u015fam kalitesini do\u011frudan olumsuz y\u00f6nde etkileyen \u00e7ok ciddi bir dola\u015f\u0131m bozuklu\u011fu hastal\u0131\u011f\u0131d\u0131r.<\/p>\n<p><strong>LENF DAMAR S\u0130STEM\u0130 YAPISI VE FONKS\u0130YONU<\/strong><\/p>\n<p>Lenf damar sistemi atar ve toplardamar sisteminin yak\u0131n\u0131ndan ge\u00e7en bir ta\u015f\u0131ma (transport ) sistemidir.<\/p>\n<p>Arter ve toplardamarlardan olu\u015fan kan damar sistemi kalbin pompa olarak \u00e7al\u0131\u015ft\u0131\u011f\u0131 dallanm\u0131\u015f bir boruya benzer. B\u00fcy\u00fck ve s\u0131zd\u0131rmaz boru olarak kalpten \u00e7\u0131kan arterler ayr\u0131 ayr\u0131 organlara ula\u015ft\u0131ktan sonra \u00e7ok say\u0131da dar g\u00f6zenekli duvarl\u0131 borulara (kapiller =ince k\u0131lcal ) dallan\u0131r.<\/p>\n<p><img decoding=\"async\" class=\"aligncenter size-full wp-image-422 lazyload\" data-src=\"http:\/\/www.caferabbasoglu.com\/wp-content\/uploads\/2018\/05\/lenf-damar-sistem-yapisi.jpg\" alt=\"\" width=\"572\" height=\"271\" data-srcset=\"https:\/\/www.caferabbasoglu.com\/wp-content\/uploads\/2018\/05\/lenf-damar-sistem-yapisi.jpg 572w, https:\/\/www.caferabbasoglu.com\/wp-content\/uploads\/2018\/05\/lenf-damar-sistem-yapisi-300x142.jpg 300w\" data-sizes=\"(max-width: 572px) 100vw, 572px\" src=\"data:image\/gif;base64,R0lGODlhAQABAAAAACH5BAEKAAEALAAAAAABAAEAAAICTAEAOw==\" style=\"--smush-placeholder-width: 572px; --smush-placeholder-aspect-ratio: 572\/271;\" \/><\/p>\n<p>Organlardan \u00e7\u0131kan ince k\u0131lcallar yine b\u00fcy\u00fck damar olarak birle\u015fip, toplardamar \u015feklinde kalbe do\u011fru y\u00f6nlenir. Organlardaki madde de\u011fi\u015fiminin ger\u00e7ekle\u015fmesi ancak ge\u00e7irgen kapillerlerle sa\u011flan\u0131r.<\/p>\n<p><img decoding=\"async\" class=\"alignright size-full wp-image-423 lazyload\" data-src=\"http:\/\/www.caferabbasoglu.com\/wp-content\/uploads\/2018\/05\/lenf-odemli-bacak.jpg\" alt=\"\" width=\"207\" height=\"228\" src=\"data:image\/gif;base64,R0lGODlhAQABAAAAACH5BAEKAAEALAAAAAABAAEAAAICTAEAOw==\" style=\"--smush-placeholder-width: 207px; --smush-placeholder-aspect-ratio: 207\/228;\" \/>Damar sistemi arter damarlarla organlara bol oksijenli ve besleyici kan g\u00f6nderen ve toplardamarlar ile organlardan b\u00f6brek ve karaci\u011fer \u00fczerinden ar\u0131nd\u0131r\u0131lan, \u00e7\u00fcr\u00fcf maddeleri ve karbondioksiti atan kapal\u0131 bir sirk\u00fclasyondur. Lenf damar sisteminin yap\u0131s\u0131nda boru ve k\u0131lcal damarlar bulunmaz<strong>. <\/strong>Lenf damar fil hortumuna benzeyen kapilerleri ile direk organlardan ba\u015flayan ve orada suland\u0131r\u0131lm\u0131\u015f proteinleri ta\u015f\u0131mak i\u00e7in alan yar\u0131m bir sirk\u00fclasyon olu\u015fturur. Kandan farkl\u0131 olarak renksiz olan bu protein i\u00e7erikli doku s\u0131v\u0131s\u0131na lenf s\u0131v\u0131s\u0131 veya lenf denir. Lenf, kapilerlerden lenf damar sisteminin boru damarlar\u0131na y\u00f6nlendirilip toplardamarlara akmas\u0131yla lenf damar sistemi de kan damar sistemi ile ba\u011flanm\u0131\u015f olur.<\/p>\n<p>B\u00fcy\u00fck boru damarlar\u0131, atardamarlar, toplardamarlar ve lenf damarlar\u0131 besin ve \u00e7\u00fcr\u00fcf maddeleri al\u0131p verilmesini sa\u011flayan ufac\u0131k ge\u00e7irgen borulara dallanmaktad\u0131r. Lenf s\u0131v\u0131s\u0131n\u0131n olu\u015fumunu da bu b\u00f6lgede ger\u00e7ekle\u015fmi\u015f olur.<\/p>\n<hr \/>\n<blockquote>\n<p style=\"text-align: center;\"><em>Lenf\u00f6dem seyrek de olsa k\u00f6t\u00fc huylu dejenerasyona yol a\u00e7abilmektedir.<\/em><\/p>\n<\/blockquote>\n<hr \/>\n<p>Toplardamarlar ve lenf damarlar\u0131n\u0131n her ikisi de maddelerin at\u0131l\u0131m\u0131 i\u00e7in vard\u0131r. Sadece toplardamarlar yetmemektedir, \u00e7\u00fcnk\u00fc baz\u0131 maddelerin lenfatik bir at\u0131l\u0131ma ihtiyac\u0131 vard\u0131r. Bu tarz maddelere lenf y\u00fck\u00fcml\u00fcs\u00fc ad\u0131 verilir. Lenf kapilerleri b\u00fcy\u00fck a\u011f\u0131zlar\u0131 ile bu suda erimi\u015f maddeleri \u00e7ekmektedir. Beraberinde al\u0131nan su gerekirse lenf bo\u011fumunda tekrar s\u00fcz\u00fclmektedir.<\/p>\n<p>Lenf damar sisteminin \u00f6rne\u011fin lenf bo\u011fumlar\u0131n\u0131n ba\u011f\u0131\u015f\u0131kl\u0131k sistemindeki rol\u00fc \u00f6nemlidir. Lenf damar sisteminde bir hasar\u0131n proteinlerin ve doku s\u0131v\u0131s\u0131n\u0131n oldu\u011fu gibi dokuda hem de h\u00fccrelerin aras\u0131nda kalmas\u0131 dokunun \u015fi\u015fmesine yol a\u00e7ar. E\u011fer lenf y\u00fck\u00fcml\u00fcs\u00fc doku s\u0131v\u0131s\u0131 art\u0131k tamam\u0131yla aktar\u0131lam\u0131yorsa lenf \u00f6demi olu\u015fur. En \u00e7ok da kollarda ve bacaklarda g\u00f6r\u00fcl\u00fcr<strong>. <\/strong><\/p>\n<p><img decoding=\"async\" class=\"aligncenter size-full wp-image-428 lazyload\" data-src=\"http:\/\/www.caferabbasoglu.com\/wp-content\/uploads\/2018\/05\/kozmetik-deformasyon.jpg\" alt=\"\" width=\"600\" height=\"262\" data-srcset=\"https:\/\/www.caferabbasoglu.com\/wp-content\/uploads\/2018\/05\/kozmetik-deformasyon.jpg 600w, https:\/\/www.caferabbasoglu.com\/wp-content\/uploads\/2018\/05\/kozmetik-deformasyon-300x131.jpg 300w\" data-sizes=\"(max-width: 600px) 100vw, 600px\" src=\"data:image\/gif;base64,R0lGODlhAQABAAAAACH5BAEKAAEALAAAAAABAAEAAAICTAEAOw==\" style=\"--smush-placeholder-width: 600px; --smush-placeholder-aspect-ratio: 600\/262;\" \/><\/p>\n<p><strong>LENF DAMAR S\u0130STEM\u0130NDE KISITLAMALAR VE SONU\u00c7LARI:<\/strong><\/p>\n<p>Burada lenf damar sistemi hastal\u0131klar\u0131n\u0131n fonksiyon bozuklu\u011fu nedeniyle \u00e7ok say\u0131da sebepleri olabilece\u011fi g\u00f6r\u00fclmektedir.<\/p>\n<p><img decoding=\"async\" class=\"alignleft size-full wp-image-430 lazyload\" data-src=\"http:\/\/www.caferabbasoglu.com\/wp-content\/uploads\/2018\/05\/lenf-odemli01.jpg\" alt=\"\" width=\"216\" height=\"245\" src=\"data:image\/gif;base64,R0lGODlhAQABAAAAACH5BAEKAAEALAAAAAABAAEAAAICTAEAOw==\" style=\"--smush-placeholder-width: 216px; --smush-placeholder-aspect-ratio: 216\/245;\" \/>Lenf damar sistemi genetik sebepler veya d\u0131\u015fardan gelen yaralanma, ameliyat gibi sebepler olmak \u00fczere iki yolla meydana gelir. Bunun d\u0131\u015f\u0131nda da primer lenf \u00f6demi ile kombine \u015fekilde meydana \u00e7\u0131kabilecek geli\u015fim bozuklular\u0131 olabilmektedir.<\/p>\n<p><strong>Primer lenf \u00f6dem: <\/strong>Lenf damar sistemi genetik olarak v\u00fccudun zay\u0131f bir b\u00f6lgesi olabilir. B\u00f6yle bir lenf damar sisteminin bu y\u00fck\u00fc art\u0131k kald\u0131ramamas\u0131 durumunda ya\u015fam i\u00e7erisinde er ya da ge\u00e7 bir primer lenf \u00f6demi olu\u015fur.<\/p>\n<p><img decoding=\"async\" class=\"aligncenter size-full wp-image-429 lazyload\" data-src=\"http:\/\/www.caferabbasoglu.com\/wp-content\/uploads\/2018\/05\/lenfodem-tanim.jpg\" alt=\"\" width=\"298\" height=\"87\" src=\"data:image\/gif;base64,R0lGODlhAQABAAAAACH5BAEKAAEALAAAAAABAAEAAAICTAEAOw==\" style=\"--smush-placeholder-width: 298px; --smush-placeholder-aspect-ratio: 298\/87;\" \/><\/p>\n<p><strong><img decoding=\"async\" class=\"alignright size-full wp-image-432 lazyload\" data-src=\"http:\/\/www.caferabbasoglu.com\/wp-content\/uploads\/2018\/05\/lenf-odemli-bacak02.jpg\" alt=\"\" width=\"243\" height=\"197\" src=\"data:image\/gif;base64,R0lGODlhAQABAAAAACH5BAEKAAEALAAAAAABAAEAAAICTAEAOw==\" style=\"--smush-placeholder-width: 243px; --smush-placeholder-aspect-ratio: 243\/197;\" \/>Primer lenf \u00f6demin \u00e7e\u015fitli sebepleri olabilir: <\/strong>Lenf kapilerleri eksik oldu\u011fu (aplazi) durumda lenf s\u0131v\u0131s\u0131 sadece d\u00fc\u015f\u00fck bir miktarda olu\u015fabilmektedir. Yine genetik olarak \u00e7ok az say\u0131da lenf damarlar\u0131n\u0131n bulundu\u011fu veya bu lenf damarlar\u0131n\u0131n \u00e7ok dar olmalar\u0131 da olabilir (hipoplazi).<\/p>\n<p>Lenf damar fonksiyonunda bir bozuklu\u011fun ilk belirtisi \u015fi\u015fliktir. Lenf \u00f6demi her zaman hemen ortaya \u00e7\u0131kmaz fakat daha sonra \u00e7al\u0131\u015fan lenf damarlar\u0131na s\u00fcrekli fazla y\u00fcklenilmesi sonucu meydana \u00e7\u0131kabilir. Primer lenf \u00f6deminin 1-35 ya\u015f aral\u0131\u011f\u0131nda ba\u015flamas\u0131 durumunda erken lenf \u00f6dem (lymphoedema praecox) ad\u0131 verilir. 35 ya\u015f sonras\u0131 meydana \u00e7\u0131kmas\u0131 durumuna ise gen\u00e7 lenf \u00f6dem (lymphoedema tardum) ad\u0131 verilir.<\/p>\n<p><strong>Sek\u00fcnder lenf \u00f6dem:<\/strong><\/p>\n<p>Sa\u011fl\u0131kl\u0131 bir lenf damar sistemine zarar veren her\u015fey en k\u00f6t\u00fc ihtimallle kal\u0131c\u0131 bir zarara ve ard\u0131ndan sekonder lenf \u00f6deme yol a\u00e7ar. Bunlar ezikler ve burkulmalar\u0131n yan\u0131s\u0131ra \u00f6zellikle mantarlar mikroplar vir\u00fcsler veya solucanlar\u0131n yol a\u00e7t\u0131\u011f\u0131 iltihaplar da olabilir.<\/p>\n<p><img decoding=\"async\" class=\"alignleft size-full wp-image-435 lazyload\" data-src=\"http:\/\/www.caferabbasoglu.com\/wp-content\/uploads\/2018\/05\/sekunder-lenf-odem.jpg\" alt=\"\" width=\"339\" height=\"253\" data-srcset=\"https:\/\/www.caferabbasoglu.com\/wp-content\/uploads\/2018\/05\/sekunder-lenf-odem.jpg 339w, https:\/\/www.caferabbasoglu.com\/wp-content\/uploads\/2018\/05\/sekunder-lenf-odem-300x224.jpg 300w\" data-sizes=\"(max-width: 339px) 100vw, 339px\" src=\"data:image\/gif;base64,R0lGODlhAQABAAAAACH5BAEKAAEALAAAAAABAAEAAAICTAEAOw==\" style=\"--smush-placeholder-width: 339px; --smush-placeholder-aspect-ratio: 339\/253;\" \/>G\u00fcn\u00fcm\u00fczde en s\u0131k g\u00f6r\u00fclen sebep aras\u0131nda k\u00f6t\u00fc huylu t\u00fcm\u00f6r tedavisi yer almaktad\u0131r. Bir\u00e7ok kanser h\u00fccresi metastazlar olu\u015fturmak i\u00e7in lenf damarlar\u0131ndan en yak\u0131n lenf bo\u011fumuna gitmektedir. Bu durumda lenf damar sistemine zarar vermeyi g\u00f6ze alarak baz\u0131 lenf bo\u011fumlar\u0131 ilgili b\u00f6lgeden al\u0131narak kanser h\u00fccreleri olu\u015fumu a\u00e7\u0131s\u0131ndan tetkik edilir ve ard\u0131ndan ila\u00e7 tedavisi veya lenf damarlar\u0131na olumsuz etki eden \u0131\u015f\u0131n tedavisi uygulan\u0131r. Kanser tedavisinin \u00f6ncelikli olan bu durumlar lenf ak\u0131\u015f\u0131n\u0131 keser. G\u00f6\u011f\u00fcs kanserinde koltuk alt\u0131ndaki lenf bo\u011fumlar\u0131 s\u00f6z konusu ise koldan ak\u0131\u015f kas\u0131ktaki lenf bo\u011fumu s\u00f6z konusu ise ilgili bacak ve cinsel organdaki ak\u0131\u015f k\u0131s\u0131tlanmaktad\u0131r.<\/p>\n<p><img decoding=\"async\" class=\"alignright size-medium wp-image-433 lazyload\" data-src=\"http:\/\/www.caferabbasoglu.com\/wp-content\/uploads\/2018\/05\/lenf-odem03-300x221.jpg\" alt=\"\" width=\"300\" height=\"221\" data-srcset=\"https:\/\/www.caferabbasoglu.com\/wp-content\/uploads\/2018\/05\/lenf-odem03-300x221.jpg 300w, https:\/\/www.caferabbasoglu.com\/wp-content\/uploads\/2018\/05\/lenf-odem03.jpg 306w\" data-sizes=\"(max-width: 300px) 100vw, 300px\" src=\"data:image\/gif;base64,R0lGODlhAQABAAAAACH5BAEKAAEALAAAAAABAAEAAAICTAEAOw==\" style=\"--smush-placeholder-width: 300px; --smush-placeholder-aspect-ratio: 300\/221;\" \/>Ki\u015fisel genetik duruma g\u00f6re v\u00fccut mevcut lenf damarlar\u0131n\u0131 daha verimli hale getirerek, ba\u015fka lenf damarlar\u0131na veya toplardamarlara ba\u015fka yollar ekleyerek (anastomozlar )lenf damar veya lenf d\u00fc\u011f\u00fcmlerinin geni\u015fleme ve gev\u015femelerini sa\u011flar. Bu durumda bile lenf bo\u011fumlar\u0131 yeniden olu\u015fturulamad\u0131\u011f\u0131ndan hasarlar belli bir dereceye kadar telafi edilmi\u015f olur.<\/p>\n<hr \/>\n<blockquote>\n<p style=\"text-align: center;\"><strong><em>Kanser tedavileri lenf ak\u0131\u015f\u0131n\u0131n kesilmesine sebep olabilmektedir.<\/em> <\/strong><\/p>\n<\/blockquote>\n<hr \/>\n<p><strong>LENF\u00d6DEM\u0130N \u00c7E\u015e\u0130TL\u0130 A\u015eAMALARI: <\/strong><\/p>\n<p>Lenf \u00f6demin \u00e7e\u015fitli a\u015famalar\u0131 lenf \u00f6demin bir g\u00fcn i\u00e7inde olu\u015fmad\u0131\u011f\u0131n\u0131 g\u00f6stermektedir. Olu\u015fan prosed\u00fcrler bir ba\u015flad\u0131ktan sonra zaman i\u00e7inde lenf \u00f6demin ilerlemesine neden olan komplike mekanizmalar harekete ge\u00e7mektedir. Dokuda ki proteni zengin s\u0131v\u0131 birikimi nedeni ile yeni ba\u011f dokusu \u00f6z\u00fc olu\u015fturan h\u00fccreler aktifle\u015fmektedir.<\/p>\n<p><img decoding=\"async\" class=\"size-full wp-image-431 aligncenter lazyload\" data-src=\"http:\/\/www.caferabbasoglu.com\/wp-content\/uploads\/2018\/05\/lenf-odem02.jpg\" alt=\"\" width=\"267\" height=\"187\" src=\"data:image\/gif;base64,R0lGODlhAQABAAAAACH5BAEKAAEALAAAAAABAAEAAAICTAEAOw==\" style=\"--smush-placeholder-width: 267px; --smush-placeholder-aspect-ratio: 267\/187;\" \/><\/p>\n<p><img decoding=\"async\" class=\"size-medium wp-image-439 aligncenter lazyload\" data-src=\"http:\/\/www.caferabbasoglu.com\/wp-content\/uploads\/2018\/05\/sekunder-kol-lenfodemi.png\" alt=\"\" width=\"319\" height=\"52\" data-srcset=\"https:\/\/www.caferabbasoglu.com\/wp-content\/uploads\/2018\/05\/sekunder-kol-lenfodemi.png 319w, https:\/\/www.caferabbasoglu.com\/wp-content\/uploads\/2018\/05\/sekunder-kol-lenfodemi-300x49.png 300w\" data-sizes=\"(max-width: 319px) 100vw, 319px\" src=\"data:image\/gif;base64,R0lGODlhAQABAAAAACH5BAEKAAEALAAAAAABAAEAAAICTAEAOw==\" style=\"--smush-placeholder-width: 319px; --smush-placeholder-aspect-ratio: 319\/52;\" \/><\/p>\n<p>Bu prosed\u00fcr baz\u0131 noktalarda yeni dokunun olu\u015ftu\u011fu b\u00fcy\u00fck bir yaran\u0131n iyile\u015fmesine benzer. Bu duruma fibroz denir.<\/p>\n<p>Fibrozda oldu\u011fu gibi yeni yara iyile\u015ftirme dokusu ba\u015flang\u0131\u00e7ta yumu\u015fakt\u0131r ve sonras\u0131nda sert bir yara izi olu\u015fturmaktad\u0131r. Lenf \u00f6demleri hasta b\u00f6lgesinde g\u00f6r\u00fcn\u00fcr bir \u015fekilde sertle\u015fir. Buna skleroz denir.<\/p>\n<p>Lenf \u00f6deminin deri ve deri alt\u0131 dokular\u0131ndaki ak\u0131\u015flar\u0131 ayr\u0131ca kronik bir iltihaba benzer. D\u0131\u015far\u0131dan iltihap olarak belli olmasa da de\u011fi\u015fen durumlar derinin ba\u011f\u0131\u015f\u0131kl\u0131k fonksiyonunun k\u00f6t\u00fcle\u015fmesine neden olur. B\u00f6ylece lenf \u00f6demleri a\u011f\u0131rl\u0131k derecesinde ilerledik\u00e7e \u00f6rne\u011fin y\u0131lanc\u0131k (erizipel) gibi mikrobik deri enfeksiyonuna veya mantar iltihaplar\u0131na yol a\u00e7abilmektedir<\/p>\n<p><strong>Lenf \u00f6deminin klinik a\u015famalar\u0131 bu geli\u015fim basamaklar\u0131na dayanmaktad\u0131r. <\/strong><\/p>\n<p><strong>A\u015fama 0 (latent a\u015fama): <\/strong>Lenf damar sisteminin zaten yetersiz \u00e7al\u0131\u015ft\u0131\u011f\u0131 fakat v\u00fccudun lenflerle dengeleme mekanizmalar\u0131 ile ba\u015f edebildi\u011fi durum s\u00f6z konusudur. \u00d6dem yoktur.<\/p>\n<p><strong><img decoding=\"async\" class=\"alignright size-medium wp-image-443 lazyload\" data-src=\"http:\/\/www.caferabbasoglu.com\/wp-content\/uploads\/2018\/05\/reverzibra-300x175.jpg\" alt=\"\" width=\"300\" height=\"175\" data-srcset=\"https:\/\/www.caferabbasoglu.com\/wp-content\/uploads\/2018\/05\/reverzibra-300x175.jpg 300w, https:\/\/www.caferabbasoglu.com\/wp-content\/uploads\/2018\/05\/reverzibra.jpg 385w\" data-sizes=\"(max-width: 300px) 100vw, 300px\" src=\"data:image\/gif;base64,R0lGODlhAQABAAAAACH5BAEKAAEALAAAAAABAAEAAAICTAEAOw==\" style=\"--smush-placeholder-width: 300px; --smush-placeholder-aspect-ratio: 300\/175;\" \/>A\u015fama 1 (reverzibra a\u015fama ): <\/strong>Lenf damar sistemine fazla y\u00fcklenilmektedir. Hasta b\u00f6lgede proteinli fakat hen\u00fcz yumu\u015fak olan bir \u015fi\u015fme olu\u015fmaktad\u0131r. \u0130\u00e7eri g\u00f6\u00e7meler i\u00e7eri do\u011fru bast\u0131r\u0131labilmektedir. \u0130lgili kol veya baca\u011f\u0131 yukar\u0131ya do\u011fru tutarak \u015fi\u015fme kendili\u011finden geri \u00e7ekilir.<\/p>\n<p>&nbsp;<\/p>\n<p>&nbsp;<\/p>\n<p>&nbsp;<\/p>\n<p><strong><img decoding=\"async\" class=\"alignleft size-medium wp-image-442 lazyload\" data-src=\"http:\/\/www.caferabbasoglu.com\/wp-content\/uploads\/2018\/05\/spontane-irreverzib-300x219.jpg\" alt=\"\" width=\"300\" height=\"219\" data-srcset=\"https:\/\/www.caferabbasoglu.com\/wp-content\/uploads\/2018\/05\/spontane-irreverzib-300x219.jpg 300w, https:\/\/www.caferabbasoglu.com\/wp-content\/uploads\/2018\/05\/spontane-irreverzib.jpg 325w\" data-sizes=\"(max-width: 300px) 100vw, 300px\" src=\"data:image\/gif;base64,R0lGODlhAQABAAAAACH5BAEKAAEALAAAAAABAAEAAAICTAEAOw==\" style=\"--smush-placeholder-width: 300px; --smush-placeholder-aspect-ratio: 300\/219;\" \/>A\u015fama 2 (spontane irreverzib \u2013d\u00f6n\u00fc\u015f\u00fc olmayan a\u015fama):<\/strong>\u00a0\u015ei\u015fmenin \u00e7ok belli oldu\u011fu bu a\u015famada fibroz ve skleroz olu\u015fur.\u00a0\u015ei\u015fmeler\u00a0art\u0131k i\u00e7eriye bast\u0131r\u0131lamaz kolu veya baca\u011f\u0131 yukar\u0131ya do\u011fru tutarak da kendili\u011finden ge\u00e7mez.<\/p>\n<p>&nbsp;<\/p>\n<p>&nbsp;<\/p>\n<p>&nbsp;<\/p>\n<p>&nbsp;<\/p>\n<p><strong><img decoding=\"async\" class=\"alignright size-full wp-image-446 lazyload\" data-src=\"http:\/\/www.caferabbasoglu.com\/wp-content\/uploads\/2018\/05\/elephantiasis-1.jpg\" alt=\"\" width=\"247\" height=\"291\" src=\"data:image\/gif;base64,R0lGODlhAQABAAAAACH5BAEKAAEALAAAAAABAAEAAAICTAEAOw==\" style=\"--smush-placeholder-width: 247px; --smush-placeholder-aspect-ratio: 247\/291;\" \/>A\u015fama 3 (elephantiasis, fil hastal\u0131\u011f\u0131):<\/strong> Deri \u00e7ok serttir ve \u015fi\u015fme a\u015f\u0131r\u0131d\u0131r. Si\u011fil \u015feklinde urlar mevcuttur. Bazen b\u00fcy\u00fck kabar\u0131kl\u0131klar olu\u015fmakla birlikte y\u0131lanc\u0131k hastal\u0131\u011f\u0131n ( erizipel ) ortaya \u00e7\u0131kma tehlikesi \u00e7ok y\u00fcksektir. Bu a\u015fama derin ve zor iyile\u015fen yaralara meyillidir.<\/p>\n<p><img decoding=\"async\" class=\"size-full wp-image-445 alignleft lazyload\" data-src=\"http:\/\/www.caferabbasoglu.com\/wp-content\/uploads\/2018\/05\/lenf-odemli-bacak03-1.jpg\" alt=\"\" width=\"247\" height=\"214\" src=\"data:image\/gif;base64,R0lGODlhAQABAAAAACH5BAEKAAEALAAAAAABAAEAAAICTAEAOw==\" style=\"--smush-placeholder-width: 247px; --smush-placeholder-aspect-ratio: 247\/214;\" \/><\/p>\n<p><img decoding=\"async\" class=\"aligncenter size-medium wp-image-447 lazyload\" data-src=\"http:\/\/www.caferabbasoglu.com\/wp-content\/uploads\/2018\/05\/lenfodem-nedenleri.png\" alt=\"\" width=\"647\" height=\"225\" data-srcset=\"https:\/\/www.caferabbasoglu.com\/wp-content\/uploads\/2018\/05\/lenfodem-nedenleri.png 647w, https:\/\/www.caferabbasoglu.com\/wp-content\/uploads\/2018\/05\/lenfodem-nedenleri-300x104.png 300w\" data-sizes=\"(max-width: 647px) 100vw, 647px\" src=\"data:image\/gif;base64,R0lGODlhAQABAAAAACH5BAEKAAEALAAAAAABAAEAAAICTAEAOw==\" style=\"--smush-placeholder-width: 647px; --smush-placeholder-aspect-ratio: 647\/225;\" \/><\/p>\n<p><strong>LENF\u00d6DEM\u0130N TEDAV\u0130S\u0130: <\/strong><\/p>\n<p><img decoding=\"async\" class=\"alignright size-full wp-image-448 lazyload\" data-src=\"http:\/\/www.caferabbasoglu.com\/wp-content\/uploads\/2018\/05\/lenfodem-tedavisi.jpg\" alt=\"\" width=\"350\" height=\"378\" data-srcset=\"https:\/\/www.caferabbasoglu.com\/wp-content\/uploads\/2018\/05\/lenfodem-tedavisi.jpg 350w, https:\/\/www.caferabbasoglu.com\/wp-content\/uploads\/2018\/05\/lenfodem-tedavisi-278x300.jpg 278w\" data-sizes=\"(max-width: 350px) 100vw, 350px\" src=\"data:image\/gif;base64,R0lGODlhAQABAAAAACH5BAEKAAEALAAAAAABAAEAAAICTAEAOw==\" style=\"--smush-placeholder-width: 350px; --smush-placeholder-aspect-ratio: 350\/378;\" \/>Lenf\u00f6dem hastal\u0131\u011f\u0131nda en s\u0131k yap\u0131lan hata hastal\u0131\u011f\u0131 kendi ak\u0131\u015f\u0131na b\u0131rakmakt\u0131r. B\u00f6ylece hastal\u0131k tedavisi ve geriye d\u00f6n\u00fc\u015f\u00fc olmayan a\u015famalara terk edilmi\u015f olur. Tedaviye ne kadar erken ba\u015flan\u0131rsa hastal\u0131\u011f\u0131n ilerlemesi o kadar kolay \u00f6nlenmi\u015f ve geri a\u015famalara \u00e7ekilmi\u015f olur. A\u015fama 1 de tedavinin ba\u015flamas\u0131 hastal\u0131\u011f\u0131 \u00e7o\u011fu zaman a\u015fama 0 geri getirir.<\/p>\n<p>Bu konuda uzman olan bir doktora kol veya bacaklarda lenf \u00f6demi tespit etmesi i\u00e7in klinik bir muayene yeterli gelmektedir. Hastal\u0131\u011f\u0131n ilerlemesini \u00f6nlemek i\u00e7in bu muayenelerin erken yap\u0131lmas\u0131 gerekmektedir.<\/p>\n<p><strong>Fiziki t\u0131kan\u0131kl\u0131k \u00e7\u00f6zme terapisi: <\/strong>Fiziki t\u0131kan\u0131kl\u0131k \u00e7\u00f6zme terapisi 2 a\u015famadan olu\u015fur: Birinci a\u015famada \u015fi\u015fkinli\u011fi azaltma a\u00e7\u0131s\u0131ndan en iyi sonu\u00e7 sa\u011flanmaktad\u0131r. \u0130kinci a\u015fama bu sonu\u00e7lar\u0131 korumak ve gerekirse mevcut olan fibrozu ve sklerozu daha da iyile\u015ftirmeyi ama\u00e7lamaktad\u0131r.<\/p>\n<p><strong>Kapsaml\u0131 fiziki t\u0131kan\u0131kl\u0131k \u00e7\u00f6zme terapisi: <\/strong>Kombine edilmi\u015f bir tedavi \u015feklidir. B\u00fct\u00fcn y\u00f6ntemler iyile\u015fmeye katk\u0131da bulunmakla beraber, birlikte uyguland\u0131\u011f\u0131 takdirde en iyi ba\u015far\u0131y\u0131 elde edilmektedir. Cilt bak\u0131m\u0131, manuel lenf drenaj\u0131,kompresyon tedavisi, hareket tedavisi (y\u00fcr\u00fcme,pasif jimnastik,y\u00fczme), sistemik hastal\u0131klar\u0131yla m\u00fccadele, ( damar sertli\u011fi,\u015feker,tansiyon y\u00fcksekli\u011fi ve a\u015f\u0131r\u0131 kilo) ozon tedavisi,oksijen tedavisi ve t\u00fcm d\u00fcnyada son zamanlarda uygulanan y\u00fcksek ba\u015far\u0131 sa\u011flayan\u2019 d\u00fc\u015f\u00fck enerjili lazer tedavisi \u2018kapsaml\u0131 fiziki tedavide \u00f6nemli y\u00f6ntemlerdir.<\/p>\n<p><img decoding=\"async\" class=\"aligncenter size-full wp-image-449 lazyload\" data-src=\"http:\/\/www.caferabbasoglu.com\/wp-content\/uploads\/2018\/05\/lenfodem-tedavisi2.jpg\" alt=\"\" width=\"506\" height=\"244\" data-srcset=\"https:\/\/www.caferabbasoglu.com\/wp-content\/uploads\/2018\/05\/lenfodem-tedavisi2.jpg 506w, https:\/\/www.caferabbasoglu.com\/wp-content\/uploads\/2018\/05\/lenfodem-tedavisi2-300x145.jpg 300w\" data-sizes=\"(max-width: 506px) 100vw, 506px\" src=\"data:image\/gif;base64,R0lGODlhAQABAAAAACH5BAEKAAEALAAAAAABAAEAAAICTAEAOw==\" style=\"--smush-placeholder-width: 506px; --smush-placeholder-aspect-ratio: 506\/244;\" \/><\/p>\n<p><img decoding=\"async\" class=\"aligncenter size-full wp-image-450 lazyload\" data-src=\"http:\/\/www.caferabbasoglu.com\/wp-content\/uploads\/2018\/05\/lenfodem-uyari.png\" alt=\"\" width=\"476\" height=\"107\" data-srcset=\"https:\/\/www.caferabbasoglu.com\/wp-content\/uploads\/2018\/05\/lenfodem-uyari.png 476w, https:\/\/www.caferabbasoglu.com\/wp-content\/uploads\/2018\/05\/lenfodem-uyari-300x67.png 300w\" data-sizes=\"(max-width: 476px) 100vw, 476px\" src=\"data:image\/gif;base64,R0lGODlhAQABAAAAACH5BAEKAAEALAAAAAABAAEAAAICTAEAOw==\" style=\"--smush-placeholder-width: 476px; --smush-placeholder-aspect-ratio: 476\/107;\" \/><\/p>\n<p><strong>Manuel lenf drenaj\u0131:<\/strong> Uzmanla\u015fm\u0131\u015f terapistler taraf\u0131ndan yap\u0131lmaktad\u0131r. Klasik bir masajla kar\u015f\u0131la\u015ft\u0131r\u0131lmamal\u0131d\u0131r veya onun yerine konulmamal\u0131d\u0131r. Lenf sistemi atardamar veya toplardamar sistemi gibi geli\u015fi veya gidi\u015fi olmayan lenf s\u0131v\u0131s\u0131n\u0131 sadece a\u015fa\u011f\u0131dan yukar\u0131ya ta\u015f\u0131yan bir sistem oldu\u011fundan klasik bir masajla kar\u015f\u0131la\u015ft\u0131r\u0131lmamal\u0131d\u0131r. Lenf drenaj sayesinde lazer terapilerinde \u015fi\u015f olan b\u00f6lgeden, lenf damar sisteminin \u00e7al\u0131\u015f\u0131r durumda olan b\u00f6lgelerine lenf s\u0131v\u0131s\u0131 aktar\u0131l\u0131p oradan da ana toplardamara d\u00f6k\u00fclmek suretiyle ana dola\u015f\u0131ma aktar\u0131l\u0131r.<\/p>\n<p><strong>Kompresyonlu \u00e7oraplar: <\/strong>Lenf \u00f6dem tedavisinde korumak i\u00e7in kompresyonlu \u00e7oraplar da kullan\u0131lmaktad\u0131r. Bu \u00e7oraplar fazla esnek de\u011fildir. Hastan\u0131n lenfatik sistemindeki bas\u0131nc\u0131na cilt kal\u0131nl\u0131\u011f\u0131na ve cilt alt\u0131 ya\u011f dokusunun kal\u0131nl\u0131\u011f\u0131na ve onun olu\u015fturdu\u011fu bas\u0131nca g\u00f6re verilmektedir. Hareket halinde bu esnek \u00e7oraplar kasa kar\u015f\u0131 sabit bir diren\u00e7 sa\u011flayarak kas pompalar\u0131n\u0131n etkisini g\u00fc\u00e7lendirmektedirler.<\/p>\n<table>\n<tbody>\n<tr>\n<td><img decoding=\"async\" class=\"alignleft size-full wp-image-452 lazyload\" data-src=\"http:\/\/www.caferabbasoglu.com\/wp-content\/uploads\/2018\/05\/kompresyonlu-coraplar.jpg\" alt=\"\" width=\"428\" height=\"273\" data-srcset=\"https:\/\/www.caferabbasoglu.com\/wp-content\/uploads\/2018\/05\/kompresyonlu-coraplar.jpg 428w, https:\/\/www.caferabbasoglu.com\/wp-content\/uploads\/2018\/05\/kompresyonlu-coraplar-300x191.jpg 300w\" data-sizes=\"(max-width: 428px) 100vw, 428px\" src=\"data:image\/gif;base64,R0lGODlhAQABAAAAACH5BAEKAAEALAAAAAABAAEAAAICTAEAOw==\" style=\"--smush-placeholder-width: 428px; --smush-placeholder-aspect-ratio: 428\/273;\" \/><\/td>\n<td><img decoding=\"async\" class=\"alignright size-full wp-image-451 lazyload\" data-src=\"http:\/\/www.caferabbasoglu.com\/wp-content\/uploads\/2018\/05\/kompresyonlu-coraplar.png\" alt=\"\" width=\"166\" height=\"238\" src=\"data:image\/gif;base64,R0lGODlhAQABAAAAACH5BAEKAAEALAAAAAABAAEAAAICTAEAOw==\" style=\"--smush-placeholder-width: 166px; --smush-placeholder-aspect-ratio: 166\/238;\" \/><\/td>\n<\/tr>\n<\/tbody>\n<\/table>\n<p><strong><img decoding=\"async\" class=\"alignright size-full wp-image-454 lazyload\" data-src=\"http:\/\/www.caferabbasoglu.com\/wp-content\/uploads\/2018\/05\/lllt.jpg\" alt=\"D\u00fc\u015f\u00fck Enerjili Laser Tedavisi\" width=\"269\" height=\"310\" data-srcset=\"https:\/\/www.caferabbasoglu.com\/wp-content\/uploads\/2018\/05\/lllt.jpg 269w, https:\/\/www.caferabbasoglu.com\/wp-content\/uploads\/2018\/05\/lllt-260x300.jpg 260w\" data-sizes=\"(max-width: 269px) 100vw, 269px\" src=\"data:image\/gif;base64,R0lGODlhAQABAAAAACH5BAEKAAEALAAAAAABAAEAAAICTAEAOw==\" style=\"--smush-placeholder-width: 269px; --smush-placeholder-aspect-ratio: 269\/310;\" \/>D\u00fc\u015f\u00fck Enerjili Laser Tedavisi (LLLT): <\/strong>Lenf\u00f6dem tedavisinde son y\u0131llarda t\u00fcm d\u00fcnyada uygulanan \u00e7ok \u00f6nemli ve etkili bir tedavi y\u00f6ntemidir. Hastan\u0131n damar yolundan hastal\u0131\u011f\u0131n derecesine g\u00f6re uzman hekim taraf\u0131ndan \u0131\u015f\u0131nlar\u0131n\u0131n v\u00fccuda verilmesi \u015feklinde uygulanan zahmetsiz ve \u00e7ok etkili bir tedavi y\u00f6ntemidir. K\u0131saca dokuda fazla s\u0131v\u0131 d\u00fc\u015f\u00fck enerjili lazer tedavisinin farkl\u0131 \u0131\u015f\u0131k ve \u00e7e\u015fitli dalga boylar\u0131nda hekim taraf\u0131ndan lenf \u00f6demin derecesine g\u00f6re ve dokunun kal\u0131nl\u0131\u011f\u0131na ba\u011fl\u0131 t\u0131kan\u0131kl\u0131k yeri ve derecesine g\u00f6re se\u00e7ilerek uygulanmaktad\u0131r.<\/p>\n<p>Lenf tedavisinde \u00e7al\u0131\u015f\u0131r durumda olan lenf damarlar\u0131ndaki lenf ak\u0131\u015f\u0131 y\u00fckselmi\u015f durumdad\u0131r. B\u00f6ylece geriye t\u0131kanm\u0131\u015f olan s\u0131v\u0131 daha fazla lenf kapilerlere al\u0131nabilmektedir. D\u00fc\u015f\u00fck enerjili lazer tedavisi bu kapilerlerdeki geni\u015fli\u011fi sa\u011flamaktad\u0131r. B\u00f6ylelikle toplanan s\u0131v\u0131 daha rahat bir \u015fekilde kapilerlerden lenf damarlar\u0131na ge\u00e7erek drenaj sa\u011flanmaktad\u0131r.<\/p>\n<p>Tedavinin ana fikri bas\u0131nc\u0131 azaltarak at\u0131k madde ve s\u0131v\u0131lara t\u00fcm par\u00e7alar\u0131 ile birlikte ve lenf damarlar\u0131na ve oradan da toplardamarlara geri akmas\u0131n\u0131 m\u00fcmk\u00fcn k\u0131lmakt\u0131r. \u0130\u015fte bunun i\u00e7in lenf\u00f6demin a\u011f\u0131rl\u0131k derecesine g\u00f6re hekim \u00e7e\u015fitli renklerde dalga boylarda, \u00e7e\u015fitli g\u00fc\u00e7lerde lazer se\u00e7erek uygulamaktad\u0131r.<\/p>\n<table>\n<tbody>\n<tr>\n<td><img decoding=\"async\" class=\"alignleft size-full wp-image-452 lazyload\" data-src=\"http:\/\/www.caferabbasoglu.com\/wp-content\/uploads\/2018\/05\/lllt01.jpg\" alt=\"D\u00fc\u015f\u00fck Enerjili Laser Tedavisi\" width=\"210\" height=\"199\" src=\"data:image\/gif;base64,R0lGODlhAQABAAAAACH5BAEKAAEALAAAAAABAAEAAAICTAEAOw==\" style=\"--smush-placeholder-width: 210px; --smush-placeholder-aspect-ratio: 210\/199;\" \/><\/td>\n<td><img decoding=\"async\" class=\"alignright size-full wp-image-451 lazyload\" data-src=\"http:\/\/www.caferabbasoglu.com\/wp-content\/uploads\/2018\/05\/lllt02.jpg\" alt=\"LLLT\" width=\"204\" height=\"199\" src=\"data:image\/gif;base64,R0lGODlhAQABAAAAACH5BAEKAAEALAAAAAABAAEAAAICTAEAOw==\" style=\"--smush-placeholder-width: 204px; --smush-placeholder-aspect-ratio: 204\/199;\" \/><\/td>\n<\/tr>\n<\/tbody>\n<\/table>\n<p>Klini\u011fimizde tedavi s\u00fcresince yap\u0131lan mavi \u0131\u015f\u0131k tedavisinde cilt iltihaplar\u0131 ve enfeksiyonlar\u0131 b\u00fcy\u00fck \u00f6l\u00e7\u00fcde yok edilmekte ve kan h\u00fccresini etkiledi\u011fi i\u00e7in hasta uzun m\u00fcddet de\u011fi\u015fik iltihapl ve enfeksiyonlara kar\u015f\u0131 korunmaktad\u0131r. Bizim klini\u011fimizde lenf \u00f6dem tedavileri genellikle 10 g\u00fcn s\u00fcrmektedir. Seanslar herg\u00fcn 2 saat olarak uygulanmaktad\u0131r.<\/p>\n<p>D\u00fc\u015f\u00fck enerjili laser tedavisi a\u011fr\u0131s\u0131z, b\u0131\u00e7ak alt\u0131na yatmadan uygulanan ve etkileri h\u0131zla g\u00f6r\u00fclen bir tedavi oldu\u011fu i\u00e7in \u00fclkemizde de h\u0131zla benimsenip uygulanmaktad\u0131r.<\/p>\n<p><img decoding=\"async\" class=\"aligncenter size-full wp-image-458 lazyload\" data-src=\"http:\/\/www.caferabbasoglu.com\/wp-content\/uploads\/2018\/05\/lllt-tedavisi.png\" alt=\"\" width=\"582\" height=\"140\" data-srcset=\"https:\/\/www.caferabbasoglu.com\/wp-content\/uploads\/2018\/05\/lllt-tedavisi.png 582w, https:\/\/www.caferabbasoglu.com\/wp-content\/uploads\/2018\/05\/lllt-tedavisi-300x72.png 300w\" data-sizes=\"(max-width: 582px) 100vw, 582px\" src=\"data:image\/gif;base64,R0lGODlhAQABAAAAACH5BAEKAAEALAAAAAABAAEAAAICTAEAOw==\" style=\"--smush-placeholder-width: 582px; --smush-placeholder-aspect-ratio: 582\/140;\" \/><\/p>\n<p><img decoding=\"async\" class=\"alignright size-full wp-image-459 lazyload\" data-src=\"http:\/\/www.caferabbasoglu.com\/wp-content\/uploads\/2018\/05\/lllt-tedavisi.jpg\" alt=\"\" width=\"264\" height=\"274\" src=\"data:image\/gif;base64,R0lGODlhAQABAAAAACH5BAEKAAEALAAAAAABAAEAAAICTAEAOw==\" style=\"--smush-placeholder-width: 264px; --smush-placeholder-aspect-ratio: 264\/274;\" \/>Kan ile lenf damar sisteminin ve organlar\u0131n\u0131n \u00f6rne\u011fin derinin aras\u0131ndaki kapilerlerin s\u0131v\u0131lar\u0131 ve t\u00fcm par\u00e7alar\u0131n de\u011fi\u015ftirilmesi bas\u0131n\u00e7 farkl\u0131l\u0131klar\u0131na ba\u011fl\u0131d\u0131r. Ak\u0131\u015f her zaman y\u00fcksek bas\u0131n\u00e7l\u0131 yerden al\u00e7ak bas\u0131n\u00e7l\u0131 yere do\u011fru gitmektedir. Her \u015fey \u00e7al\u0131\u015f\u0131r durumda oldu\u011fu s\u00fcrece tabiat, \u00e7e\u015fitli damar \u00e7aplar\u0131n\u0131n \u00e7e\u015fitli protein ve \u015feker yo\u011funlu\u011fu kombinasyon ve pompalama mekanizmalar\u0131n\u0131n devreye girmesiyle ak\u0131\u015f\u0131n her zaman do\u011fru y\u00f6ne gitmesini sa\u011flam\u0131\u015ft\u0131r. Yani atardamarlardan dokuya do\u011fru ve dokudan tekrar toplardamarlar ve oradan da at\u0131k maddeleri lenf damarlar\u0131na do\u011fru y\u00f6nlendirmektedir. Bizim bu durumda lenf damarlar\u0131n en iyi \u015fekilde \u00e7al\u0131\u015fmad\u0131\u011f\u0131ndan bu bas\u0131n\u00e7 ko\u015fullar\u0131 bozulmaktad\u0131r. \u0130\u015fte burada d\u00fc\u015f\u00fck enerjili lazer tedavisi devreye girerek daralm\u0131\u015f lenf damarlar\u0131nda geni\u015fleme yaparak ak\u0131\u015f yolunu a\u00e7arak bas\u0131nc\u0131 azalt\u0131r dolay\u0131s\u0131yla dokuda bo\u015falt\u0131m sa\u011flanarak dokudaki \u015fi\u015flik azal\u0131r.<\/p>\n<p><img decoding=\"async\" class=\"aligncenter size-full wp-image-461 lazyload\" data-src=\"http:\/\/www.caferabbasoglu.com\/wp-content\/uploads\/2018\/05\/gunes.png\" alt=\"\" width=\"469\" height=\"202\" data-srcset=\"https:\/\/www.caferabbasoglu.com\/wp-content\/uploads\/2018\/05\/gunes.png 469w, https:\/\/www.caferabbasoglu.com\/wp-content\/uploads\/2018\/05\/gunes-300x129.png 300w\" data-sizes=\"(max-width: 469px) 100vw, 469px\" src=\"data:image\/gif;base64,R0lGODlhAQABAAAAACH5BAEKAAEALAAAAAABAAEAAAICTAEAOw==\" style=\"--smush-placeholder-width: 469px; --smush-placeholder-aspect-ratio: 469\/202;\" \/><\/p>\n<p><strong><img decoding=\"async\" class=\"alignright size-full wp-image-460 lazyload\" data-src=\"http:\/\/www.caferabbasoglu.com\/wp-content\/uploads\/2018\/05\/ayak.jpg\" alt=\"\" width=\"228\" height=\"357\" data-srcset=\"https:\/\/www.caferabbasoglu.com\/wp-content\/uploads\/2018\/05\/ayak.jpg 228w, https:\/\/www.caferabbasoglu.com\/wp-content\/uploads\/2018\/05\/ayak-192x300.jpg 192w\" data-sizes=\"(max-width: 228px) 100vw, 228px\" src=\"data:image\/gif;base64,R0lGODlhAQABAAAAACH5BAEKAAEALAAAAAABAAEAAAICTAEAOw==\" style=\"--smush-placeholder-width: 228px; --smush-placeholder-aspect-ratio: 228\/357;\" \/><\/strong><\/p>\n<p><strong>Koruma terapisi: <\/strong>Fiziki t\u0131kan\u0131kl\u0131k \u00e7\u00f6zme tedavisinden sonra \u00f6nemli nokta koruma terapisidir. Yani hasta iyile\u015ftim d\u00fc\u015f\u00fcncesiyle dikkatsiz davran\u0131rsa tedavinin bir anlam\u0131 kalmaz. Cilt, lenf \u00f6deminde iltihaplara ve enfeksiyonlara e\u011filimli oldu\u011fundan cildi korumak i\u00e7in her g\u00fcn t\u00fcm v\u00fccut \u0131l\u0131k su ile y\u0131kanarak du\u015f al\u0131nmal\u0131d\u0131r. Cildi korumak i\u00e7in d\u00fczenli bak\u0131m yapmak \u015fartt\u0131r.<\/p>\n<p>Lenf \u00f6dem ile ilgili korunmalarda hastalar beslenmelerine dikkat ederek fazla kilodan uzak durmal\u0131,<\/p>\n<p>Lenf \u00f6dem olan koldan mesela tansiyon \u00f6l\u00e7\u00fclmemeli, kan al\u0131nmamal\u0131, enjeksiyon yap\u0131lmamal\u0131, a\u015f\u0131r\u0131 g\u00fcne\u015f \u0131\u015f\u0131n\u0131ndan korunmal\u0131,<\/p>\n<p>\u00c7evrede bulunan b\u00f6cek \u0131s\u0131rmalar\u0131na kar\u015f\u0131 dikkatli olmal\u0131, evde ve bah\u00e7ede yaralanmadan \u00f6rne\u011fin koruyucu eldiven giyerek \u00e7al\u0131\u015fmal\u0131<\/p>\n<p>Spor aktivitelerini dikkatli bir \u015fekilde yapmal\u0131<\/p>\n<p>K\u0131yafetlerde dar pantolon, dar s\u00fctyen ve i\u00e7 \u00e7ama\u015f\u0131r gibi v\u00fccudu kesen giysilerden uzak durmal\u0131d\u0131r.<\/p>\n<p><strong>\u00a0<\/strong><\/p>\n<p><strong>LENF \u00d6DEM TEDAV\u0130S\u0130NDE D\u00dc\u015e\u00dcK ENERJ\u0130L\u0130 LASER TEDAV\u0130LER\u0130N\u0130N ETK\u0130 MEKAN\u0130ZMALARI <\/strong>Lenf\u00f6dem hastalar\u0131na fil hastal\u0131\u011f\u0131 te\u015fhisini konduktan sonra hangi \u0131\u015f\u0131n\u0131n, hangi dalga boyu ve g\u00fc\u00e7te (ye\u015fil, k\u0131rm\u0131z\u0131, sar\u0131, mavi veya ultraviyole \u0131\u015f\u0131k ), ne kadar s\u00fcrede verilece\u011fini ayarlayarak hastaya zahmetsiz ve a\u011fr\u0131s\u0131z bir \u015fekilde uygular. Bu uygulamalar\u0131n etkileri ise;<\/p>\n<p><img decoding=\"async\" class=\"aligncenter size-full wp-image-464 lazyload\" data-src=\"http:\/\/www.caferabbasoglu.com\/wp-content\/uploads\/2018\/05\/kirmizi-lazer.jpg\" alt=\"\" width=\"303\" height=\"217\" data-srcset=\"https:\/\/www.caferabbasoglu.com\/wp-content\/uploads\/2018\/05\/kirmizi-lazer.jpg 303w, https:\/\/www.caferabbasoglu.com\/wp-content\/uploads\/2018\/05\/kirmizi-lazer-300x215.jpg 300w\" data-sizes=\"(max-width: 303px) 100vw, 303px\" src=\"data:image\/gif;base64,R0lGODlhAQABAAAAACH5BAEKAAEALAAAAAABAAEAAAICTAEAOw==\" style=\"--smush-placeholder-width: 303px; --smush-placeholder-aspect-ratio: 303\/217;\" \/><\/p>\n<p><strong>K\u0131rm\u0131z\u0131 Laser kirmizi-lazer<\/strong>H\u00fccre aktivitesini ve microsirk\u00fclasyonu (kanland\u0131rma) art\u0131r\u0131r. Hasar g\u00f6rm\u00fc\u015f dokular\u0131 onar\u0131r. K\u0131rm\u0131z\u0131 lazer kronik rahats\u0131zl\u0131\u011f\u0131n iyile\u015fmesinde en etkili \u0131\u015f\u0131kt\u0131r.<\/p>\n<p><img decoding=\"async\" class=\"aligncenter size-full wp-image-463 lazyload\" data-src=\"http:\/\/www.caferabbasoglu.com\/wp-content\/uploads\/2018\/05\/yesil-lazer.jpg\" alt=\"\" width=\"303\" height=\"217\" data-srcset=\"https:\/\/www.caferabbasoglu.com\/wp-content\/uploads\/2018\/05\/yesil-lazer.jpg 303w, https:\/\/www.caferabbasoglu.com\/wp-content\/uploads\/2018\/05\/yesil-lazer-300x215.jpg 300w\" data-sizes=\"(max-width: 303px) 100vw, 303px\" src=\"data:image\/gif;base64,R0lGODlhAQABAAAAACH5BAEKAAEALAAAAAABAAEAAAICTAEAOw==\" style=\"--smush-placeholder-width: 303px; --smush-placeholder-aspect-ratio: 303\/217;\" \/><\/p>\n<p><strong>Ye\u015fil Laser:<\/strong> Anti enflamatuar (iltihap kurutucu) etkisi olur. Enflamasyonlar\u0131n (iltihaplanma) sebep oldu\u011fu a\u011fr\u0131 ve tedavilerinde etkilidir.<\/p>\n<p><img decoding=\"async\" class=\"aligncenter size-full wp-image-462 lazyload\" data-src=\"http:\/\/www.caferabbasoglu.com\/wp-content\/uploads\/2018\/05\/mavi-lazer.jpg\" alt=\"\" width=\"303\" height=\"217\" data-srcset=\"https:\/\/www.caferabbasoglu.com\/wp-content\/uploads\/2018\/05\/mavi-lazer.jpg 303w, https:\/\/www.caferabbasoglu.com\/wp-content\/uploads\/2018\/05\/mavi-lazer-300x215.jpg 300w\" data-sizes=\"(max-width: 303px) 100vw, 303px\" src=\"data:image\/gif;base64,R0lGODlhAQABAAAAACH5BAEKAAEALAAAAAABAAEAAAICTAEAOw==\" style=\"--smush-placeholder-width: 303px; --smush-placeholder-aspect-ratio: 303\/217;\" \/><\/p>\n<p><strong>Mavi Laser: <\/strong>\u00c7ok kuvvetli anti enflamatuar etkisi vard\u0131r. Yaran\u0131n iyile\u015fmesinde \u00e7ok etkilidir.<\/p>\n<p><strong>LOW LEVEL LASER TERAP\u0130 (LLLT) KANDA UYGULANMASI VE LENF\u00d6DEM HASTALIKLARI \u00dcZER\u0130NDEK\u0130 ETK\u0130LER\u0130<\/strong><\/p>\n<p>1) Kana uygulanan lazer \u0131\u015f\u0131nlamas\u0131 esnas\u0131nda kan\u0131n emmunolojili aktivitelerinde artma ve anti enflamatuar etki g\u00f6zlenmi\u015ftir. Bu \u015fekilde bu tedavide v\u00fccuttaki immun sistemi kuvvetlenir. Lenf\u00f6demin v\u00fccuda verdi\u011fi iltihabi reaksiyon etkileri h\u0131zla azal\u0131r.<\/p>\n<p>2) Trombosit agregasyonunda azalma e\u011filimi g\u00f6r\u00fcl\u00fcr. Eritrositlerin deformasyonunda iyile\u015fme h\u0131z\u0131n\u0131 artt\u0131r\u0131r, karbondioksit bask\u0131s\u0131n\u0131 azalt\u0131r bu da yaran\u0131n iyile\u015fmesi a\u00e7\u0131s\u0131ndan \u00e7ok \u00f6nemlidir. Buna ilave olarak makrofajlarin fagositik aktivitesindeki artma yap\u0131sal de\u011fi\u015fiklikler ile ba\u011flant\u0131l\u0131 olarak sa\u011flanm\u0131\u015ft\u0131r. Dokunun hipoksiyasi iyile\u015fmesi dokunun metabolizmas\u0131n\u0131n iyile\u015fmesini sa\u011flar. \u0130lave olarak fibrinolizis aktive olur. Ayr\u0131ca ATP sentezi ile doku zar\u0131 potansiyelinin normalle\u015fmesi de g\u00f6zlenebilir. \u0130lave vasodilatasyon kapillerin deblok olmas\u0131n\u0131 kollateral damarlar\u0131n da blokaj\u0131n\u0131n a\u00e7\u0131lmas\u0131n\u0131 sa\u011flar. Bu kan\u0131n reolojikal \u00f6zelliklerinin iyile\u015fmesi ile ba\u011flant\u0131l\u0131d\u0131r. Kan\u0131n reolojikal \u00f6zellikleri iyile\u015fir ve bununla ba\u011flant\u0131l\u0131 olarak vasodilatasyon ger\u00e7ekle\u015fir, kapiller ve kollateraller a\u00e7\u0131l\u0131r. Kan\u0131n reolijik \u00f6zellikleri iyile\u015fir, nano iyile\u015fir. Hepsi vasodilatasyona yol a\u00e7\u0131yor. Bu sayede k\u0131lcal damarlar debloke olur.<\/p>\n<p>3) Lazer \u0131\u015f\u0131nlamas\u0131 yap\u0131ld\u0131ktan sonra mitokondride de\u011fi\u015fiklikler oluyor. Bu da ATP \u00fcretiminin artmas\u0131 ve \u00e7e\u015fitli metabolik yollar\u0131n (prosses) aktive olmas\u0131 m\u00fcmk\u00fcn oluyor. Yani mitokondriler de\u011fi\u015fiyor ve de\u011fi\u015fen b\u00fcy\u00fck (dev) mitokondrilere d\u00f6n\u00fc\u015f\u00fcyor. Bu dev mitokondrialar elektron mikroskopla bak\u0131ld\u0131\u011f\u0131nda y\u00fcz\u00fck \u015feklinde g\u00f6r\u00fcl\u00fcr. Ancak bu de\u011fi\u015fiklikler dev mitokondrialar ile kar\u0131\u015ft\u0131r\u0131lmamal\u0131d\u0131r farkl\u0131d\u0131r. Lazer irridasyondan sonra organc\u0131klara zarar vermeden mitokondrialar\u0131n t\u00fcp \u015feklindeki yap\u0131s\u0131 de\u011fi\u015fir.<\/p>\n<p>I\u015f\u0131k olmadan hayat yoktur. B\u00fct\u00fcn ya\u015fam do\u011fal bir \u0131\u015f\u0131k spectrumunda geli\u015fmi\u015ftir. Bu spectrumda g\u00f6r\u00fcnen renkler ultraviolelerin baz\u0131 k\u0131s\u0131mlar\u0131,\u00e7e\u015fitleri infrarede yak\u0131n spectrumda vard\u0131r. B\u00fct\u00fcn h\u00fccre organ ve organik molek\u00fcller bu spectrumda geli\u015fmi\u015ftir. T\u00fcm bu organlar belli \u0131\u015f\u0131k dalga boylar\u0131n\u0131 emebilir ki bunda uyar\u0131c\u0131 veya sakinle\u015ftirici v\u00fccut uyaranlar\u0131na yol a\u00e7\u0131yor.<\/p>\n<p>Genel olarak bilinmektedir ki d\u00fc\u015f\u00fck seviyeli lazer yaralar\u0131n iyile\u015fmelerini h\u0131zland\u0131r\u0131c\u0131 ve \u00e7e\u015fitli yollarla immum sistemini uyar\u0131r. D\u00fc\u015f\u00fck seviyede enerji terapilerin kilit mekanizmas\u0131 mitekondri yani \u0131\u015f\u0131\u011f\u0131n absorbe etmesi ile h\u00fccreye daha fazla enerji gitmesidir.<\/p>\n<p>Ne yaz\u0131k ki insanlar g\u00fcne\u015f enerjisini direct olarak kullanamaz. Hayat\u0131m\u0131z ona ba\u011fl\u0131 olmas\u0131na ra\u011fmen bir ta\u015f\u0131y\u0131c\u0131 gereklidir. Bu da ye\u015fil bitkilerin claro plustlar\u0131d\u0131r. Bu ta\u015f\u0131y\u0131c\u0131da bulunan clorofil g\u00fcne\u015fin k\u0131rm\u0131z\u0131 ve mavi \u0131\u015f\u0131klar\u0131n\u0131 absorbe eder. Oksijen ile karbonhidrat \u00fcretir ki bunlar bu maddeler insan mitokondrisinin ATP \u00fcretimi i\u00e7in ihtiya\u00e7 duydu\u011fu maddelerdir. Bu noktada ba\u011flant\u0131 \u00e7ok net g\u00f6r\u00fclebilir. Mitokondria (h\u00fccrenin enerji santrali) k\u0131s\u0131tl\u0131 bir ya\u015fam s\u00fcresindedir. Ne yaz\u0131k ki g\u00fcne\u015f \u0131\u015f\u0131n\u0131 derinin yaln\u0131zca y\u00fczeysel katmanlar\u0131nda kal\u0131r. B\u00f6brek karaci\u011fer kalp gibi organlara \u0131\u015f\u0131k tedavisiyle ilave enerji ula\u015ft\u0131ramaz. Lazer terapisinin \u015fans\u0131 burada ortaya \u00e7\u0131kar..<\/p>\n<p>Kan ile lenf damar sisteminin ve organlar\u0131n\u0131n \u00f6rne\u011fin derinin aras\u0131ndaki kapilerlerin s\u0131v\u0131lar\u0131 ve t\u00fcm par\u00e7alar\u0131n de\u011fi\u015ftirilmesi bas\u0131n\u00e7 farkl\u0131l\u0131klar\u0131na ba\u011fl\u0131d\u0131r. Ak\u0131\u015f her zaman y\u00fcksek bas\u0131n\u00e7l\u0131 yerden al\u00e7ak bas\u0131n\u00e7l\u0131 yere do\u011fru gitmektedir. Her \u015fey \u00e7al\u0131\u015f\u0131r durumda oldu\u011fu s\u00fcrece tabiat, \u00e7e\u015fitli damar \u00e7aplar\u0131n\u0131n \u00e7e\u015fitli protein ve \u015feker yo\u011funlu\u011fu kombinasyon ve pompalama mekanizmalar\u0131n\u0131n devreye girmesiyle ak\u0131\u015f\u0131n her zaman do\u011fru y\u00f6ne gitmesini sa\u011flam\u0131\u015ft\u0131r. Yani atardamarlardan dokuya do\u011fru ve dokudan tekrar toplardamarlar ve oradan da at\u0131k maddeleri lenf damarlar\u0131na do\u011fru y\u00f6nlendirmektedir. Bizim bu durumda lenf damarlar\u0131n en iyi \u015fekilde \u00e7al\u0131\u015fmad\u0131\u011f\u0131ndan bu bas\u0131n\u00e7 ko\u015fullar\u0131 bozulmaktad\u0131r. \u0130\u015fte burada d\u00fc\u015f\u00fck enerjili lazer tedavisi devreye girerek daralm\u0131\u015f lenf damarlar\u0131nda geni\u015fleme yaparak ak\u0131\u015f yolunu a\u00e7arak bas\u0131nc\u0131 azalt\u0131r dolay\u0131s\u0131yla dokuda bo\u015falt\u0131m sa\u011flanarak dokudaki \u015fi\u015flik azal\u0131r.<\/p>\n","protected":false},"excerpt":{"rendered":"<p>Lenf s\u0131v\u0131s\u0131n\u0131n anormal \u015fekilde toplanmas\u0131 ile bir v\u00fccut par\u00e7as\u0131n\u0131n \u015fi\u015fmesidir. Bu durum y\u00fczde, boyunda, kar\u0131nda veya akci\u011ferde g\u00f6r\u00fclebilir. Kronik ve ilerleyen bir durum olmas\u0131na ra\u011fmen, iyi bak\u0131m ile ve baz\u0131 temel kurallara dikkat edilerek genellikle kontrol alt\u0131na al\u0131nabilir. Lenf\u00f6dem normal ve aktif bir ya\u015fam tarz\u0131yla da ayn\u0131 anda ilerleyebilir. Lenf\u00f6dem \u00e7o\u011fu zaman a\u011f\u0131rl\u0131k hissine, kozmetik [&hellip;]<\/p>\n","protected":false},"author":5,"featured_media":0,"comment_status":"closed","ping_status":"closed","sticky":false,"template":"","format":"standard","meta":{"two_page_speed":[],"footnotes":""},"categories":[1],"tags":[],"class_list":["post-426","post","type-post","status-publish","format-standard","hentry","category-genel"],"translation":{"provider":"WPGlobus","version":"3.0.0","language":"en","enabled_languages":["tr","en"],"languages":{"tr":{"title":true,"content":true,"excerpt":false},"en":{"title":false,"content":false,"excerpt":false}}},"yoast_head":"<!-- This site is optimized with the Yoast SEO plugin v24.9 - https:\/\/yoast.com\/wordpress\/plugins\/seo\/ -->\n<title>LENF\u00d6DEM (F\u0130L HASTALI\u011eI ) NED\u0130R? - Opr.Dr.Cafer Abbaso\u011flu<\/title>\n<meta name=\"robots\" content=\"index, follow, max-snippet:-1, max-image-preview:large, max-video-preview:-1\" \/>\n<link rel=\"canonical\" href=\"https:\/\/www.caferabbasoglu.com\/2018\/05\/lenfodem-fil-hastaligi-nedir\/\" \/>\n<meta property=\"og:locale\" content=\"en_US\" \/>\n<meta property=\"og:type\" content=\"article\" \/>\n<meta property=\"og:title\" content=\"LENF\u00d6DEM (F\u0130L HASTALI\u011eI ) NED\u0130R? - Opr.Dr.Cafer Abbaso\u011flu\" \/>\n<meta property=\"og:url\" content=\"https:\/\/www.caferabbasoglu.com\/2018\/05\/lenfodem-fil-hastaligi-nedir\/\" \/>\n<meta property=\"og:site_name\" content=\"Opr.Dr.Cafer Abbaso\u011flu\" \/>\n<meta property=\"article:published_time\" content=\"2018-05-09T20:06:47+00:00\" \/>\n<meta property=\"article:modified_time\" content=\"2018-05-14T15:50:04+00:00\" \/>\n<meta property=\"og:image\" content=\"http:\/\/www.caferabbasoglu.com\/wp-content\/uploads\/2018\/05\/lenfodemli-hasta.jpg\" \/>\n<meta name=\"author\" content=\"Cafer Abbaso\u011flu\" \/>\n<meta name=\"twitter:card\" content=\"summary_large_image\" \/>\n<meta name=\"twitter:label1\" content=\"Written by\" \/>\n\t<meta name=\"twitter:data1\" content=\"Cafer Abbaso\u011flu\" \/>\n\t<meta name=\"twitter:label2\" content=\"Est. reading time\" \/>\n\t<meta name=\"twitter:data2\" content=\"17 minutes\" \/>\n<script type=\"application\/ld+json\" class=\"yoast-schema-graph\">{\"@context\":\"https:\/\/schema.org\",\"@graph\":[{\"@type\":\"Article\",\"@id\":\"https:\/\/www.caferabbasoglu.com\/2018\/05\/lenfodem-fil-hastaligi-nedir\/#article\",\"isPartOf\":{\"@id\":\"https:\/\/www.caferabbasoglu.com\/2018\/05\/lenfodem-fil-hastaligi-nedir\/\"},\"author\":{\"name\":\"Cafer Abbaso\u011flu\",\"@id\":\"https:\/\/www.caferabbasoglu.com\/#\/schema\/person\/c7212c9b135d8dd972b91e9bb69a08b5\"},\"headline\":\"LENF\u00d6DEM (F\u0130L HASTALI\u011eI ) NED\u0130R?\",\"datePublished\":\"2018-05-09T20:06:47+00:00\",\"dateModified\":\"2018-05-14T15:50:04+00:00\",\"mainEntityOfPage\":{\"@id\":\"https:\/\/www.caferabbasoglu.com\/2018\/05\/lenfodem-fil-hastaligi-nedir\/\"},\"wordCount\":3448,\"publisher\":{\"@id\":\"https:\/\/www.caferabbasoglu.com\/#organization\"},\"image\":{\"@id\":\"https:\/\/www.caferabbasoglu.com\/2018\/05\/lenfodem-fil-hastaligi-nedir\/#primaryimage\"},\"thumbnailUrl\":\"http:\/\/www.caferabbasoglu.com\/wp-content\/uploads\/2018\/05\/lenfodemli-hasta.jpg\",\"articleSection\":[\"Genel\"],\"inLanguage\":\"en-US\"},{\"@type\":\"WebPage\",\"@id\":\"https:\/\/www.caferabbasoglu.com\/2018\/05\/lenfodem-fil-hastaligi-nedir\/\",\"url\":\"https:\/\/www.caferabbasoglu.com\/2018\/05\/lenfodem-fil-hastaligi-nedir\/\",\"name\":\"LENF\u00d6DEM (F\u0130L HASTALI\u011eI ) NED\u0130R? - Opr.Dr.Cafer Abbaso\u011flu\",\"isPartOf\":{\"@id\":\"https:\/\/www.caferabbasoglu.com\/#website\"},\"primaryImageOfPage\":{\"@id\":\"https:\/\/www.caferabbasoglu.com\/2018\/05\/lenfodem-fil-hastaligi-nedir\/#primaryimage\"},\"image\":{\"@id\":\"https:\/\/www.caferabbasoglu.com\/2018\/05\/lenfodem-fil-hastaligi-nedir\/#primaryimage\"},\"thumbnailUrl\":\"http:\/\/www.caferabbasoglu.com\/wp-content\/uploads\/2018\/05\/lenfodemli-hasta.jpg\",\"datePublished\":\"2018-05-09T20:06:47+00:00\",\"dateModified\":\"2018-05-14T15:50:04+00:00\",\"breadcrumb\":{\"@id\":\"https:\/\/www.caferabbasoglu.com\/2018\/05\/lenfodem-fil-hastaligi-nedir\/#breadcrumb\"},\"inLanguage\":\"en-US\",\"potentialAction\":[{\"@type\":\"ReadAction\",\"target\":[\"https:\/\/www.caferabbasoglu.com\/2018\/05\/lenfodem-fil-hastaligi-nedir\/\"]}]},{\"@type\":\"ImageObject\",\"inLanguage\":\"en-US\",\"@id\":\"https:\/\/www.caferabbasoglu.com\/2018\/05\/lenfodem-fil-hastaligi-nedir\/#primaryimage\",\"url\":\"http:\/\/www.caferabbasoglu.com\/wp-content\/uploads\/2018\/05\/lenfodemli-hasta.jpg\",\"contentUrl\":\"http:\/\/www.caferabbasoglu.com\/wp-content\/uploads\/2018\/05\/lenfodemli-hasta.jpg\"},{\"@type\":\"BreadcrumbList\",\"@id\":\"https:\/\/www.caferabbasoglu.com\/2018\/05\/lenfodem-fil-hastaligi-nedir\/#breadcrumb\",\"itemListElement\":[{\"@type\":\"ListItem\",\"position\":1,\"name\":\"Ana Sayfa\",\"item\":\"https:\/\/www.caferabbasoglu.com\/\"},{\"@type\":\"ListItem\",\"position\":2,\"name\":\"LENF\u00d6DEM (F\u0130L HASTALI\u011eI ) NED\u0130R?\"}]},{\"@type\":\"WebSite\",\"@id\":\"https:\/\/www.caferabbasoglu.com\/#website\",\"url\":\"https:\/\/www.caferabbasoglu.com\/\",\"name\":\"Opr.Dr.Cafer Abbaso\u011flu\",\"description\":\"Damar Hastal\u0131klar\u0131, Varis ve Diyabet Hakk\u0131nda Bilgiler\",\"publisher\":{\"@id\":\"https:\/\/www.caferabbasoglu.com\/#organization\"},\"potentialAction\":[{\"@type\":\"SearchAction\",\"target\":{\"@type\":\"EntryPoint\",\"urlTemplate\":\"https:\/\/www.caferabbasoglu.com\/?s={search_term_string}\"},\"query-input\":{\"@type\":\"PropertyValueSpecification\",\"valueRequired\":true,\"valueName\":\"search_term_string\"}}],\"inLanguage\":\"en-US\"},{\"@type\":\"Organization\",\"@id\":\"https:\/\/www.caferabbasoglu.com\/#organization\",\"name\":\"Damar Hastal\u0131klar\u0131 ve Varis Tedavileri Merkezi\",\"url\":\"https:\/\/www.caferabbasoglu.com\/\",\"logo\":{\"@type\":\"ImageObject\",\"inLanguage\":\"en-US\",\"@id\":\"https:\/\/www.caferabbasoglu.com\/#\/schema\/logo\/image\/\",\"url\":\"http:\/\/www.caferabbasoglu.com\/wp-content\/uploads\/2010\/08\/imza_eposta.jpg\",\"contentUrl\":\"http:\/\/www.caferabbasoglu.com\/wp-content\/uploads\/2010\/08\/imza_eposta.jpg\",\"width\":640,\"height\":121,\"caption\":\"Damar Hastal\u0131klar\u0131 ve Varis Tedavileri Merkezi\"},\"image\":{\"@id\":\"https:\/\/www.caferabbasoglu.com\/#\/schema\/logo\/image\/\"}},{\"@type\":\"Person\",\"@id\":\"https:\/\/www.caferabbasoglu.com\/#\/schema\/person\/c7212c9b135d8dd972b91e9bb69a08b5\",\"name\":\"Cafer Abbaso\u011flu\",\"image\":{\"@type\":\"ImageObject\",\"inLanguage\":\"en-US\",\"@id\":\"https:\/\/www.caferabbasoglu.com\/#\/schema\/person\/image\/\",\"url\":\"https:\/\/secure.gravatar.com\/avatar\/3b99195633ddfa4a4f982ff53e4d59e2facc347ce2adaf8cde82452c19cca0cf?s=96&d=mm&r=g\",\"contentUrl\":\"https:\/\/secure.gravatar.com\/avatar\/3b99195633ddfa4a4f982ff53e4d59e2facc347ce2adaf8cde82452c19cca0cf?s=96&d=mm&r=g\",\"caption\":\"Cafer Abbaso\u011flu\"},\"sameAs\":[\"http:\/\/www.caferabbasoglu.com\"]}]}<\/script>\n<!-- \/ Yoast SEO plugin. -->","yoast_head_json":{"title":"LENF\u00d6DEM (F\u0130L HASTALI\u011eI ) NED\u0130R? - Opr.Dr.Cafer Abbaso\u011flu","robots":{"index":"index","follow":"follow","max-snippet":"max-snippet:-1","max-image-preview":"max-image-preview:large","max-video-preview":"max-video-preview:-1"},"canonical":"https:\/\/www.caferabbasoglu.com\/2018\/05\/lenfodem-fil-hastaligi-nedir\/","og_locale":"en_US","og_type":"article","og_title":"LENF\u00d6DEM (F\u0130L HASTALI\u011eI ) NED\u0130R? - Opr.Dr.Cafer Abbaso\u011flu","og_url":"https:\/\/www.caferabbasoglu.com\/2018\/05\/lenfodem-fil-hastaligi-nedir\/","og_site_name":"Opr.Dr.Cafer Abbaso\u011flu","article_published_time":"2018-05-09T20:06:47+00:00","article_modified_time":"2018-05-14T15:50:04+00:00","og_image":[{"url":"http:\/\/www.caferabbasoglu.com\/wp-content\/uploads\/2018\/05\/lenfodemli-hasta.jpg","type":"","width":"","height":""}],"author":"Cafer Abbaso\u011flu","twitter_card":"summary_large_image","twitter_misc":{"Written by":"Cafer Abbaso\u011flu","Est. reading time":"17 minutes"},"schema":{"@context":"https:\/\/schema.org","@graph":[{"@type":"Article","@id":"https:\/\/www.caferabbasoglu.com\/2018\/05\/lenfodem-fil-hastaligi-nedir\/#article","isPartOf":{"@id":"https:\/\/www.caferabbasoglu.com\/2018\/05\/lenfodem-fil-hastaligi-nedir\/"},"author":{"name":"Cafer Abbaso\u011flu","@id":"https:\/\/www.caferabbasoglu.com\/#\/schema\/person\/c7212c9b135d8dd972b91e9bb69a08b5"},"headline":"LENF\u00d6DEM (F\u0130L HASTALI\u011eI ) NED\u0130R?","datePublished":"2018-05-09T20:06:47+00:00","dateModified":"2018-05-14T15:50:04+00:00","mainEntityOfPage":{"@id":"https:\/\/www.caferabbasoglu.com\/2018\/05\/lenfodem-fil-hastaligi-nedir\/"},"wordCount":3448,"publisher":{"@id":"https:\/\/www.caferabbasoglu.com\/#organization"},"image":{"@id":"https:\/\/www.caferabbasoglu.com\/2018\/05\/lenfodem-fil-hastaligi-nedir\/#primaryimage"},"thumbnailUrl":"http:\/\/www.caferabbasoglu.com\/wp-content\/uploads\/2018\/05\/lenfodemli-hasta.jpg","articleSection":["Genel"],"inLanguage":"en-US"},{"@type":"WebPage","@id":"https:\/\/www.caferabbasoglu.com\/2018\/05\/lenfodem-fil-hastaligi-nedir\/","url":"https:\/\/www.caferabbasoglu.com\/2018\/05\/lenfodem-fil-hastaligi-nedir\/","name":"LENF\u00d6DEM (F\u0130L HASTALI\u011eI ) NED\u0130R? - Opr.Dr.Cafer Abbaso\u011flu","isPartOf":{"@id":"https:\/\/www.caferabbasoglu.com\/#website"},"primaryImageOfPage":{"@id":"https:\/\/www.caferabbasoglu.com\/2018\/05\/lenfodem-fil-hastaligi-nedir\/#primaryimage"},"image":{"@id":"https:\/\/www.caferabbasoglu.com\/2018\/05\/lenfodem-fil-hastaligi-nedir\/#primaryimage"},"thumbnailUrl":"http:\/\/www.caferabbasoglu.com\/wp-content\/uploads\/2018\/05\/lenfodemli-hasta.jpg","datePublished":"2018-05-09T20:06:47+00:00","dateModified":"2018-05-14T15:50:04+00:00","breadcrumb":{"@id":"https:\/\/www.caferabbasoglu.com\/2018\/05\/lenfodem-fil-hastaligi-nedir\/#breadcrumb"},"inLanguage":"en-US","potentialAction":[{"@type":"ReadAction","target":["https:\/\/www.caferabbasoglu.com\/2018\/05\/lenfodem-fil-hastaligi-nedir\/"]}]},{"@type":"ImageObject","inLanguage":"en-US","@id":"https:\/\/www.caferabbasoglu.com\/2018\/05\/lenfodem-fil-hastaligi-nedir\/#primaryimage","url":"http:\/\/www.caferabbasoglu.com\/wp-content\/uploads\/2018\/05\/lenfodemli-hasta.jpg","contentUrl":"http:\/\/www.caferabbasoglu.com\/wp-content\/uploads\/2018\/05\/lenfodemli-hasta.jpg"},{"@type":"BreadcrumbList","@id":"https:\/\/www.caferabbasoglu.com\/2018\/05\/lenfodem-fil-hastaligi-nedir\/#breadcrumb","itemListElement":[{"@type":"ListItem","position":1,"name":"Ana Sayfa","item":"https:\/\/www.caferabbasoglu.com\/"},{"@type":"ListItem","position":2,"name":"LENF\u00d6DEM (F\u0130L HASTALI\u011eI ) NED\u0130R?"}]},{"@type":"WebSite","@id":"https:\/\/www.caferabbasoglu.com\/#website","url":"https:\/\/www.caferabbasoglu.com\/","name":"Opr.Dr.Cafer Abbaso\u011flu","description":"Damar Hastal\u0131klar\u0131, Varis ve Diyabet Hakk\u0131nda Bilgiler","publisher":{"@id":"https:\/\/www.caferabbasoglu.com\/#organization"},"potentialAction":[{"@type":"SearchAction","target":{"@type":"EntryPoint","urlTemplate":"https:\/\/www.caferabbasoglu.com\/?s={search_term_string}"},"query-input":{"@type":"PropertyValueSpecification","valueRequired":true,"valueName":"search_term_string"}}],"inLanguage":"en-US"},{"@type":"Organization","@id":"https:\/\/www.caferabbasoglu.com\/#organization","name":"Damar Hastal\u0131klar\u0131 ve Varis Tedavileri Merkezi","url":"https:\/\/www.caferabbasoglu.com\/","logo":{"@type":"ImageObject","inLanguage":"en-US","@id":"https:\/\/www.caferabbasoglu.com\/#\/schema\/logo\/image\/","url":"http:\/\/www.caferabbasoglu.com\/wp-content\/uploads\/2010\/08\/imza_eposta.jpg","contentUrl":"http:\/\/www.caferabbasoglu.com\/wp-content\/uploads\/2010\/08\/imza_eposta.jpg","width":640,"height":121,"caption":"Damar Hastal\u0131klar\u0131 ve Varis Tedavileri Merkezi"},"image":{"@id":"https:\/\/www.caferabbasoglu.com\/#\/schema\/logo\/image\/"}},{"@type":"Person","@id":"https:\/\/www.caferabbasoglu.com\/#\/schema\/person\/c7212c9b135d8dd972b91e9bb69a08b5","name":"Cafer Abbaso\u011flu","image":{"@type":"ImageObject","inLanguage":"en-US","@id":"https:\/\/www.caferabbasoglu.com\/#\/schema\/person\/image\/","url":"https:\/\/secure.gravatar.com\/avatar\/3b99195633ddfa4a4f982ff53e4d59e2facc347ce2adaf8cde82452c19cca0cf?s=96&d=mm&r=g","contentUrl":"https:\/\/secure.gravatar.com\/avatar\/3b99195633ddfa4a4f982ff53e4d59e2facc347ce2adaf8cde82452c19cca0cf?s=96&d=mm&r=g","caption":"Cafer Abbaso\u011flu"},"sameAs":["http:\/\/www.caferabbasoglu.com"]}]}},"_links":{"self":[{"href":"https:\/\/www.caferabbasoglu.com\/en\/wp-json\/wp\/v2\/posts\/426","targetHints":{"allow":["GET"]}}],"collection":[{"href":"https:\/\/www.caferabbasoglu.com\/en\/wp-json\/wp\/v2\/posts"}],"about":[{"href":"https:\/\/www.caferabbasoglu.com\/en\/wp-json\/wp\/v2\/types\/post"}],"author":[{"embeddable":true,"href":"https:\/\/www.caferabbasoglu.com\/en\/wp-json\/wp\/v2\/users\/5"}],"replies":[{"embeddable":true,"href":"https:\/\/www.caferabbasoglu.com\/en\/wp-json\/wp\/v2\/comments?post=426"}],"version-history":[{"count":15,"href":"https:\/\/www.caferabbasoglu.com\/en\/wp-json\/wp\/v2\/posts\/426\/revisions"}],"predecessor-version":[{"id":473,"href":"https:\/\/www.caferabbasoglu.com\/en\/wp-json\/wp\/v2\/posts\/426\/revisions\/473"}],"wp:attachment":[{"href":"https:\/\/www.caferabbasoglu.com\/en\/wp-json\/wp\/v2\/media?parent=426"}],"wp:term":[{"taxonomy":"category","embeddable":true,"href":"https:\/\/www.caferabbasoglu.com\/en\/wp-json\/wp\/v2\/categories?post=426"},{"taxonomy":"post_tag","embeddable":true,"href":"https:\/\/www.caferabbasoglu.com\/en\/wp-json\/wp\/v2\/tags?post=426"}],"curies":[{"name":"wp","href":"https:\/\/api.w.org\/{rel}","templated":true}]}}